{"id":2893,"date":"2024-06-29T17:36:11","date_gmt":"2024-06-29T15:36:11","guid":{"rendered":"https:\/\/sodexam.com\/?p=2893"},"modified":"2024-06-29T17:38:41","modified_gmt":"2024-06-29T15:38:41","slug":"liri-led-modernise-les-instruments-meteo-de-la-station-de-man","status":"publish","type":"post","link":"https:\/\/sodexam.com\/?p=2893","title":{"rendered":"LIRI-LED Modernise Les Instruments M\u00e9t\u00e9o De La Station De Man"},"content":{"rendered":"\t\t<div data-elementor-type=\"wp-post\" data-elementor-id=\"2893\" class=\"elementor elementor-2893\" data-elementor-post-type=\"post\">\n\t\t\t\t<div class=\"elementor-element elementor-element-0ffe404 e-flex e-con-boxed e-con e-parent\" data-id=\"0ffe404\" data-element_type=\"container\" data-e-type=\"container\">\n\t\t\t\t\t<div class=\"e-con-inner\">\n\t\t\t\t<div class=\"elementor-element elementor-element-8ce9153 elementor-widget elementor-widget-text-editor\" data-id=\"8ce9153\" data-element_type=\"widget\" data-e-type=\"widget\" data-widget_type=\"text-editor.default\">\n\t\t\t\t<div class=\"elementor-widget-container\">\n\t\t\t\t\t\t\t\t\t<p>Du 20 au 24 f\u00e9vrier 2024, la soci\u00e9t\u00e9 LIRI-LED, exer\u00e7ant dans la programmation informatique et contact\u00e9e par M\u00e9t\u00e9o France, a r\u00e9alis\u00e9 des travaux d\u2019installation d\u2019instruments m\u00e9t\u00e9orologiques dans le parc m\u00e9t\u00e9o de la station de Man.<\/p><p>LIRI-LED a apport\u00e9 sa contribution au projet VI-GICLIMM, une initiative visant \u00e0 r\u00e9volutionner la surveillance climatique et m\u00e9t\u00e9orologique. Ce projet, pilot\u00e9 par M\u00e9t\u00e9o France, se concentre sur la modernisation des \u00e9quipements et syst\u00e8mes de vigilance climatique afin d\u2019offrir des pr\u00e9visions plus pr\u00e9cises et fiables.<\/p><p>Gr\u00e2ce \u00e0 cette installation, la pr\u00e9cision des pr\u00e9visions m\u00e9t\u00e9orologiques sera am\u00e9lior\u00e9e et les populations pourront \u00eatre alert\u00e9es plus rapidement en cas de risques climatiques. Cela contribuera \u00e0 renforcer la r\u00e9silience des populations face aux changements climatiques et \u00e0 r\u00e9duire les impacts socio-\u00e9conomiques des catastrophes naturelles.<\/p><p>Il est important de rappeler que le projet VIGICLIMM est financ\u00e9 par l\u2019Agence fran\u00e7aise de d\u00e9veloppement (AFD) et s\u2019inscrit dans le cadre de l\u2019initiative \u00ab Climat et d\u00e9veloppement \u00bb du gouvernement fran\u00e7ais.<\/p><p>Cette initiative permettra \u00e0 la SODEXAM de b\u00e9n\u00e9ficier de nouveaux instruments m\u00e9t\u00e9orologiques de derni\u00e8re g\u00e9n\u00e9ration, contribuant ainsi \u00e0 une meilleure observation et pr\u00e9vision des ph\u00e9nom\u00e8nes m\u00e9t\u00e9orologiques en C\u00f4te d\u2019Ivoire.<\/p>\t\t\t\t\t\t\t\t<\/div>\n\t\t\t\t<\/div>\n\t\t\t\t\t<\/div>\n\t\t\t\t<\/div>\n\t\t<div class=\"elementor-element elementor-element-38af3b4 e-flex e-con-boxed e-con e-parent\" data-id=\"38af3b4\" data-element_type=\"container\" data-e-type=\"container\">\n\t\t\t\t\t<div class=\"e-con-inner\">\n\t\t<div class=\"elementor-element elementor-element-7692851 e-con-full e-flex e-con e-child\" data-id=\"7692851\" data-element_type=\"container\" data-e-type=\"container\">\n\t\t\t\t<div class=\"elementor-element elementor-element-197d38e elementor-widget elementor-widget-image\" data-id=\"197d38e\" data-element_type=\"widget\" data-e-type=\"widget\" data-widget_type=\"image.default\">\n\t\t\t\t<div class=\"elementor-widget-container\">\n\t\t\t\t\t\t\t\t\t\t\t\t\t\t\t\t<a href=\"https:\/\/sodexam.com\/wp-content\/uploads\/2024\/06\/Echos-des-Plateformes-LIRI-LED-modernise-les-instruments-meteo-de-la-station-de-Man-L-Seance-de-travail-avant-le-demarrage-des-installations-768x575-1.jpeg\" data-elementor-open-lightbox=\"yes\" data-elementor-lightbox-title=\"Echos-des-Plateformes-LIRI-LED-modernise-les-instruments-meteo-de-la-station-de-Man-L-Seance-de-travail-avant-le-demarrage-des-installations-768x575\" data-e-action-hash=\"#elementor-action%3Aaction%3Dlightbox%26settings%3DeyJpZCI6Mjg5NSwidXJsIjoiaHR0cHM6XC9cL3NvZGV4YW0uY29tXC93cC1jb250ZW50XC91cGxvYWRzXC8yMDI0XC8wNlwvRWNob3MtZGVzLVBsYXRlZm9ybWVzLUxJUkktTEVELW1vZGVybmlzZS1sZXMtaW5zdHJ1bWVudHMtbWV0ZW8tZGUtbGEtc3RhdGlvbi1kZS1NYW4tTC1TZWFuY2UtZGUtdHJhdmFpbC1hdmFudC1sZS1kZW1hcnJhZ2UtZGVzLWluc3RhbGxhdGlvbnMtNzY4eDU3NS0xLmpwZWcifQ%3D%3D\">\n\t\t\t\t\t\t\t<img fetchpriority=\"high\" decoding=\"async\" width=\"640\" height=\"479\" src=\"https:\/\/sodexam.com\/wp-content\/uploads\/2024\/06\/Echos-des-Plateformes-LIRI-LED-modernise-les-instruments-meteo-de-la-station-de-Man-L-Seance-de-travail-avant-le-demarrage-des-installations-768x575-1.jpeg\" class=\"attachment-large size-large wp-image-2895\" alt=\"\" srcset=\"https:\/\/sodexam.com\/wp-content\/uploads\/2024\/06\/Echos-des-Plateformes-LIRI-LED-modernise-les-instruments-meteo-de-la-station-de-Man-L-Seance-de-travail-avant-le-demarrage-des-installations-768x575-1.jpeg 768w, https:\/\/sodexam.com\/wp-content\/uploads\/2024\/06\/Echos-des-Plateformes-LIRI-LED-modernise-les-instruments-meteo-de-la-station-de-Man-L-Seance-de-travail-avant-le-demarrage-des-installations-768x575-1-300x225.jpeg 300w, https:\/\/sodexam.com\/wp-content\/uploads\/2024\/06\/Echos-des-Plateformes-LIRI-LED-modernise-les-instruments-meteo-de-la-station-de-Man-L-Seance-de-travail-avant-le-demarrage-des-installations-768x575-1-600x449.jpeg 600w\" sizes=\"(max-width: 640px) 100vw, 640px\" \/>\t\t\t\t\t\t\t\t<\/a>\n\t\t\t\t\t\t\t\t\t\t\t\t\t\t\t<\/div>\n\t\t\t\t<\/div>\n\t\t\t\t<\/div>\n\t\t<div class=\"elementor-element elementor-element-915daa5 e-con-full e-flex e-con e-child\" data-id=\"915daa5\" data-element_type=\"container\" data-e-type=\"container\">\n\t\t\t\t<div class=\"elementor-element elementor-element-4cb383a elementor-widget elementor-widget-image\" data-id=\"4cb383a\" data-element_type=\"widget\" data-e-type=\"widget\" data-widget_type=\"image.default\">\n\t\t\t\t<div class=\"elementor-widget-container\">\n\t\t\t\t\t\t\t\t\t\t\t\t\t\t\t\t<a href=\"https:\/\/sodexam.com\/wp-content\/uploads\/2024\/06\/Echos-des-Plateformes-LIRI-LED-modernise-les-instruments-meteo-de-la-station-de-Man-L-Debut-dinstallation-des-equipements-768x575-1.jpeg\" data-elementor-open-lightbox=\"yes\" data-elementor-lightbox-title=\"Echos-des-Plateformes-LIRI-LED-modernise-les-instruments-meteo-de-la-station-de-Man-L-Debut-dinstallation-des-equipements-768x575\" data-e-action-hash=\"#elementor-action%3Aaction%3Dlightbox%26settings%3DeyJpZCI6Mjg5NCwidXJsIjoiaHR0cHM6XC9cL3NvZGV4YW0uY29tXC93cC1jb250ZW50XC91cGxvYWRzXC8yMDI0XC8wNlwvRWNob3MtZGVzLVBsYXRlZm9ybWVzLUxJUkktTEVELW1vZGVybmlzZS1sZXMtaW5zdHJ1bWVudHMtbWV0ZW8tZGUtbGEtc3RhdGlvbi1kZS1NYW4tTC1EZWJ1dC1kaW5zdGFsbGF0aW9uLWRlcy1lcXVpcGVtZW50cy03Njh4NTc1LTEuanBlZyJ9\">\n\t\t\t\t\t\t\t<img decoding=\"async\" width=\"640\" height=\"479\" src=\"https:\/\/sodexam.com\/wp-content\/uploads\/2024\/06\/Echos-des-Plateformes-LIRI-LED-modernise-les-instruments-meteo-de-la-station-de-Man-L-Debut-dinstallation-des-equipements-768x575-1.jpeg\" class=\"attachment-large size-large wp-image-2894\" alt=\"\" srcset=\"https:\/\/sodexam.com\/wp-content\/uploads\/2024\/06\/Echos-des-Plateformes-LIRI-LED-modernise-les-instruments-meteo-de-la-station-de-Man-L-Debut-dinstallation-des-equipements-768x575-1.jpeg 768w, https:\/\/sodexam.com\/wp-content\/uploads\/2024\/06\/Echos-des-Plateformes-LIRI-LED-modernise-les-instruments-meteo-de-la-station-de-Man-L-Debut-dinstallation-des-equipements-768x575-1-300x225.jpeg 300w, https:\/\/sodexam.com\/wp-content\/uploads\/2024\/06\/Echos-des-Plateformes-LIRI-LED-modernise-les-instruments-meteo-de-la-station-de-Man-L-Debut-dinstallation-des-equipements-768x575-1-600x449.jpeg 600w\" sizes=\"(max-width: 640px) 100vw, 640px\" \/>\t\t\t\t\t\t\t\t<\/a>\n\t\t\t\t\t\t\t\t\t\t\t\t\t\t\t<\/div>\n\t\t\t\t<\/div>\n\t\t\t\t<\/div>\n\t\t\t\t\t<\/div>\n\t\t\t\t<\/div>\n\t\t\t\t<\/div>\n\t\t","protected":false},"excerpt":{"rendered":"<p>Du 20 au 24 f\u00e9vrier 2024, la soci\u00e9t\u00e9 LIRI-LED, exer\u00e7ant dans la programmation informatique et contact\u00e9e par M\u00e9t\u00e9o France, a r\u00e9alis\u00e9 des travaux d\u2019installation d\u2019instruments m\u00e9t\u00e9orologiques dans le parc m\u00e9t\u00e9o de la station de Man. LIRI-LED a apport\u00e9 sa contribution au projet VI-GICLIMM, une initiative visant \u00e0 r\u00e9volutionner la surveillance climatique et m\u00e9t\u00e9orologique. Ce projet, [&hellip;]<\/p>\n","protected":false},"author":1,"featured_media":2896,"comment_status":"closed","ping_status":"closed","sticky":false,"template":"","format":"standard","meta":{"footnotes":""},"categories":[51,37,52],"tags":[],"class_list":["post-2893","post","type-post","status-publish","format-standard","has-post-thumbnail","hentry","category-aeroport","category-eco-des-plateformes","category-station-meteo"],"_links":{"self":[{"href":"https:\/\/sodexam.com\/index.php?rest_route=\/wp\/v2\/posts\/2893","targetHints":{"allow":["GET"]}}],"collection":[{"href":"https:\/\/sodexam.com\/index.php?rest_route=\/wp\/v2\/posts"}],"about":[{"href":"https:\/\/sodexam.com\/index.php?rest_route=\/wp\/v2\/types\/post"}],"author":[{"embeddable":true,"href":"https:\/\/sodexam.com\/index.php?rest_route=\/wp\/v2\/users\/1"}],"replies":[{"embeddable":true,"href":"https:\/\/sodexam.com\/index.php?rest_route=%2Fwp%2Fv2%2Fcomments&post=2893"}],"version-history":[{"count":4,"href":"https:\/\/sodexam.com\/index.php?rest_route=\/wp\/v2\/posts\/2893\/revisions"}],"predecessor-version":[{"id":2900,"href":"https:\/\/sodexam.com\/index.php?rest_route=\/wp\/v2\/posts\/2893\/revisions\/2900"}],"wp:featuredmedia":[{"embeddable":true,"href":"https:\/\/sodexam.com\/index.php?rest_route=\/wp\/v2\/media\/2896"}],"wp:attachment":[{"href":"https:\/\/sodexam.com\/index.php?rest_route=%2Fwp%2Fv2%2Fmedia&parent=2893"}],"wp:term":[{"taxonomy":"category","embeddable":true,"href":"https:\/\/sodexam.com\/index.php?rest_route=%2Fwp%2Fv2%2Fcategories&post=2893"},{"taxonomy":"post_tag","embeddable":true,"href":"https:\/\/sodexam.com\/index.php?rest_route=%2Fwp%2Fv2%2Ftags&post=2893"}],"curies":[{"name":"wp","href":"https:\/\/api.w.org\/{rel}","templated":true}]}}