{"id":3920,"date":"2024-11-26T10:43:29","date_gmt":"2024-11-26T09:43:29","guid":{"rendered":"https:\/\/sodexam.com\/?p=3920"},"modified":"2024-11-26T10:49:18","modified_gmt":"2024-11-26T09:49:18","slug":"la-plateforme-de-tabou","status":"publish","type":"post","link":"https:\/\/sodexam.com\/?p=3920","title":{"rendered":"La plateforme de Tabou"},"content":{"rendered":"\t\t<div data-elementor-type=\"wp-post\" data-elementor-id=\"3920\" class=\"elementor elementor-3920\" data-elementor-post-type=\"post\">\n\t\t\t\t<div class=\"elementor-element elementor-element-3b09716 e-flex e-con-boxed e-con e-parent\" data-id=\"3b09716\" data-element_type=\"container\" data-e-type=\"container\">\n\t\t\t\t\t<div class=\"e-con-inner\">\n\t\t\t\t<div class=\"elementor-element elementor-element-5e6466c elementor-widget elementor-widget-text-editor\" data-id=\"5e6466c\" data-element_type=\"widget\" data-e-type=\"widget\" data-widget_type=\"text-editor.default\">\n\t\t\t\t<div class=\"elementor-widget-container\">\n\t\t\t\t\t\t\t\t\t<p>La plateforme de Tabou comprend un a\u00e9rodrome et une station m\u00e9t\u00e9o. La station m\u00e9tier fut cr\u00e9\u00e9e le 28 juin 1919 par les colons fran\u00e7ais.<\/p><p>Elle est situ\u00e9e \u00e0 2,5 Km au nord de la ville de TABOU en partant de l\u2019actuelle Pr\u00e9fecture.<\/p><p>L\u2019a\u00e9rodrome a \u00e9t\u00e9 ouvert et mis en service par\u00a0l\u2019arr\u00eat\u00e9 n\u00b01982\/MTP-DAC du 10 d\u00e9cembre 1975.<\/p><p>Depuis le 31 juillet 2017, la piste est ferm\u00e9e mais elle accueille uniquement les h\u00e9licopt\u00e8res de 07H00 \u00e0 18H00.<\/p><p>Le 14 juin 2019, la station M\u00e9t\u00e9o a \u00e9t\u00e9 reconnue centenaire \u00e0 l\u2019issue de la 18\u00e8 \u00e9dition du congr\u00e8s Mondial de la M\u00e9t\u00e9orologie tenue \u00e0 Gen\u00e8ve (Suisse).\u00a0<\/p><p>Elle contribue depuis plus de cent ans \u00e0 une meilleure connaissance du climat et ses impacts en C\u00f4te d\u2019Ivoire et dans le monde, puis \u00e0 produire des donn\u00e9es servant \u00e0 faire des simulations pour le changement climatique.<\/p><p>Cette plateforme de Tabou est dirig\u00e9e par le commandant OULA Siba Anne Jacqueline et un chef de station, Adiepo Victorien ASSI. Les agents qui y travaillent sont au total 08.<\/p>\t\t\t\t\t\t\t\t<\/div>\n\t\t\t\t<\/div>\n\t\t\t\t\t<\/div>\n\t\t\t\t<\/div>\n\t\t<div class=\"elementor-element elementor-element-2bfb0a1 e-flex e-con-boxed e-con e-parent\" data-id=\"2bfb0a1\" data-element_type=\"container\" data-e-type=\"container\">\n\t\t\t\t\t<div class=\"e-con-inner\">\n\t\t<div class=\"elementor-element elementor-element-23ff4bb e-con-full e-flex e-con e-child\" data-id=\"23ff4bb\" data-element_type=\"container\" data-e-type=\"container\">\n\t\t\t\t<div class=\"elementor-element elementor-element-bdb2062 elementor-widget elementor-widget-image\" data-id=\"bdb2062\" data-element_type=\"widget\" data-e-type=\"widget\" data-widget_type=\"image.default\">\n\t\t\t\t<div class=\"elementor-widget-container\">\n\t\t\t\t\t\t\t\t\t\t\t\t\t\t\t<img fetchpriority=\"high\" decoding=\"async\" width=\"259\" height=\"194\" src=\"https:\/\/sodexam.com\/wp-content\/uploads\/2024\/11\/Aeroport-de-Tabou-Tour-de-controle.jpeg\" class=\"attachment-large size-large wp-image-3910\" alt=\"\" \/>\t\t\t\t\t\t\t\t\t\t\t\t\t\t\t<\/div>\n\t\t\t\t<\/div>\n\t\t\t\t<\/div>\n\t\t<div class=\"elementor-element elementor-element-6e0b8cc e-con-full e-flex e-con e-child\" data-id=\"6e0b8cc\" data-element_type=\"container\" data-e-type=\"container\">\n\t\t\t\t<div class=\"elementor-element elementor-element-1c02b1f elementor-widget elementor-widget-image\" data-id=\"1c02b1f\" data-element_type=\"widget\" data-e-type=\"widget\" data-widget_type=\"image.default\">\n\t\t\t\t<div class=\"elementor-widget-container\">\n\t\t\t\t\t\t\t\t\t\t\t\t\t\t\t<img decoding=\"async\" width=\"259\" height=\"194\" src=\"https:\/\/sodexam.com\/wp-content\/uploads\/2024\/11\/Aeroport-de-Tabou-Parc-meteo.jpeg\" class=\"attachment-large size-large wp-image-3909\" alt=\"\" \/>\t\t\t\t\t\t\t\t\t\t\t\t\t\t\t<\/div>\n\t\t\t\t<\/div>\n\t\t\t\t<\/div>\n\t\t\t\t\t<\/div>\n\t\t\t\t<\/div>\n\t\t\t\t<\/div>\n\t\t","protected":false},"excerpt":{"rendered":"<p>La plateforme de Tabou comprend un a\u00e9rodrome et une station m\u00e9t\u00e9o. La station m\u00e9tier fut cr\u00e9\u00e9e le 28 juin 1919 par les colons fran\u00e7ais. Elle est situ\u00e9e \u00e0 2,5 Km au nord de la ville de TABOU en partant de l\u2019actuelle Pr\u00e9fecture. L\u2019a\u00e9rodrome a \u00e9t\u00e9 ouvert et mis en service par\u00a0l\u2019arr\u00eat\u00e9 n\u00b01982\/MTP-DAC du 10 d\u00e9cembre [&hellip;]<\/p>\n","protected":false},"author":9,"featured_media":3908,"comment_status":"open","ping_status":"open","sticky":false,"template":"","format":"standard","meta":{"footnotes":""},"categories":[31],"tags":[],"class_list":["post-3920","post","type-post","status-publish","format-standard","has-post-thumbnail","hentry","category-a-la-decouverte"],"_links":{"self":[{"href":"https:\/\/sodexam.com\/index.php?rest_route=\/wp\/v2\/posts\/3920","targetHints":{"allow":["GET"]}}],"collection":[{"href":"https:\/\/sodexam.com\/index.php?rest_route=\/wp\/v2\/posts"}],"about":[{"href":"https:\/\/sodexam.com\/index.php?rest_route=\/wp\/v2\/types\/post"}],"author":[{"embeddable":true,"href":"https:\/\/sodexam.com\/index.php?rest_route=\/wp\/v2\/users\/9"}],"replies":[{"embeddable":true,"href":"https:\/\/sodexam.com\/index.php?rest_route=%2Fwp%2Fv2%2Fcomments&post=3920"}],"version-history":[{"count":7,"href":"https:\/\/sodexam.com\/index.php?rest_route=\/wp\/v2\/posts\/3920\/revisions"}],"predecessor-version":[{"id":3927,"href":"https:\/\/sodexam.com\/index.php?rest_route=\/wp\/v2\/posts\/3920\/revisions\/3927"}],"wp:featuredmedia":[{"embeddable":true,"href":"https:\/\/sodexam.com\/index.php?rest_route=\/wp\/v2\/media\/3908"}],"wp:attachment":[{"href":"https:\/\/sodexam.com\/index.php?rest_route=%2Fwp%2Fv2%2Fmedia&parent=3920"}],"wp:term":[{"taxonomy":"category","embeddable":true,"href":"https:\/\/sodexam.com\/index.php?rest_route=%2Fwp%2Fv2%2Fcategories&post=3920"},{"taxonomy":"post_tag","embeddable":true,"href":"https:\/\/sodexam.com\/index.php?rest_route=%2Fwp%2Fv2%2Ftags&post=3920"}],"curies":[{"name":"wp","href":"https:\/\/api.w.org\/{rel}","templated":true}]}}