{"id":4137,"date":"2025-11-26T09:11:00","date_gmt":"2025-11-26T08:11:00","guid":{"rendered":"https:\/\/sodexam.com\/?p=4137"},"modified":"2025-11-26T10:08:14","modified_gmt":"2025-11-26T09:08:14","slug":"amelioration-des-conditions-de-travail-un-nouveau-siege-pour-la-sodexam","status":"publish","type":"post","link":"https:\/\/sodexam.com\/?p=4137","title":{"rendered":"AM\u00c9LIORATION DES CONDITIONS DE TRAVAIL\u00a0: Un nouveau si\u00e8ge pour la SODEXAM"},"content":{"rendered":"\t\t<div data-elementor-type=\"wp-post\" data-elementor-id=\"4137\" class=\"elementor elementor-4137\" data-elementor-post-type=\"post\">\n\t\t\t\t<div class=\"elementor-element elementor-element-8708354 e-flex e-con-boxed e-con e-parent\" data-id=\"8708354\" data-element_type=\"container\" data-e-type=\"container\">\n\t\t\t\t\t<div class=\"e-con-inner\">\n\t\t\t\t<div class=\"elementor-element elementor-element-7ac46af elementor-widget elementor-widget-text-editor\" data-id=\"7ac46af\" data-element_type=\"widget\" data-e-type=\"widget\" data-widget_type=\"text-editor.default\">\n\t\t\t\t<div class=\"elementor-widget-container\">\n\t\t\t\t\t\t\t\t\t<p>Le nouveau si\u00e8ge de la SODEXAM a \u00e9t\u00e9 inaugur\u00e9, le jeudi 9 octobre 2025, en pr\u00e9sence du Ministre d\u2019\u00c9tat, Ministre de la D\u00e9fense, Ti\u00e9n\u00e9 Birahima Ouattara, du Ministre des Transports, Amadou Kon\u00e9, du Ministre de la Communication, Amadou Coulibaly ainsi que des autorit\u00e9s de la plateforme a\u00e9roportuaire d\u2019Abidjan. Baptis\u00e9 \u00ab B\u00e2timent G\u00e9n\u00e9ral Abdoulaye Coulibaly \u00bb, cet \u00e9difice moderne de 2 837 m\u00b2 off re un cadre de travail adapt\u00e9 aux ambitions de la SODEXAM. Il symbolise l\u2019engagement de l\u2019entreprise \u00e0 renforcer son efficacit\u00e9, \u00e0 am\u00e9liorer les conditions de travail des agents et \u00e0 poursuivre sa mission au service du d\u00e9veloppement du transport a\u00e9roportuaire, de la m\u00e9t\u00e9orologie et de la m\u00e9decine a\u00e9roportuaire et a\u00e9ronautique en C\u00f4te d\u2019Ivoire. Dans son discours, le Directeur g\u00e9n\u00e9ral a salu\u00e9 le soutien du gouvernement et a r\u00e9affirm\u00e9 la volont\u00e9 de la SODEXAM \u00e0 \u00eatre un acteur de r\u00e9f\u00e9rence dans le secteur a\u00e9ronautique \u00e0 la fois national et r\u00e9gional. Il a soulign\u00e9 que la construction du nouveau si\u00e8ge, initi\u00e9e en 2019 dans le cadre du \u00ab Pacte \u00bb d\u2019am\u00e9lioration des conditions de travail, incarne la vision, les valeurs et ambitions de l\u2019entreprise pour les d\u00e9cennies \u00e0 venir.<\/p><p>Le Ministre des Transports a remerci\u00e9 la SODEXAM pour la construction du nouveau si\u00e8ge, qui cadre bien avec les ambitions du Chef de l\u2019\u00c9tat, visant \u00e0 faire du secteur a\u00e9ronautique et m\u00e9t\u00e9orologique un secteur cl\u00e9 du d\u00e9veloppement de la C\u00f4te d\u2019Ivoire. Il a \u00e9voqu\u00e9 l\u2019importance d\u2019un secteur a\u00e9ronautique moderne et performant, en coh\u00e9rence avec la strat\u00e9gie nationale de transformation de l\u2019espace a\u00e9ronautique, soutenant des projets majeurs tels que la r\u00e9novation des a\u00e9roports de Korhogo et San Pedro puis la construction de l\u2019a\u00e9roport de Kong.<\/p><p>Le Ministre d\u2019\u00c9tat, Ministre de la d\u00e9fense, T\u00e9n\u00e9 Birahima Ouattara, patron de la c\u00e9r\u00e9monie, a salu\u00e9 l\u2019excellence de la coop\u00e9ration entre la d\u00e9fense et les transports, tout en exhortant les agents \u00e0 \u201cfaire de ce patrimoine un mod\u00e8le de gouvernance\u201d. Un honneur pour le G\u00e9n\u00e9ral Abdoulaye Coulibaly dont le b\u00e2timent porte fi\u00e8rement le nom. Premier Ivoirien ing\u00e9nieur de l\u2019\u00c9cole de l\u2019Air, premier officier ivoirien commandant du GATL, premier pilote national du pr\u00e9sident de la R\u00e9publique, premier pilote militaire, Directeur g\u00e9n\u00e9ral d\u2019Air Ivoire, puis PCA d\u2019Air C\u00f4te d\u2019Ivoire et de AERIA. Le g\u00e9n\u00e9ral COULIBALY Abdoulaye demeure n\u2019a pas manqu\u00e9 d\u2019exprimer sa gratitude au Directeur General de la SODEXAM pour le choix de faire porter son nom au nouveau si\u00e8ge de l\u2019entreprise. La c\u00e9r\u00e9monie s\u2019est achev\u00e9e par une visite guid\u00e9e des diff\u00e9rents bureaux du b\u00e2timent.<\/p>\t\t\t\t\t\t\t\t<\/div>\n\t\t\t\t<\/div>\n\t\t\t\t\t<\/div>\n\t\t\t\t<\/div>\n\t\t<div class=\"elementor-element elementor-element-f760e58 e-flex e-con-boxed e-con e-parent\" data-id=\"f760e58\" data-element_type=\"container\" data-e-type=\"container\">\n\t\t\t\t\t<div class=\"e-con-inner\">\n\t\t\t\t<div class=\"elementor-element elementor-element-7c054ed gallery-spacing-custom elementor-widget elementor-widget-image-gallery\" data-id=\"7c054ed\" data-element_type=\"widget\" data-e-type=\"widget\" data-widget_type=\"image-gallery.default\">\n\t\t\t\t<div class=\"elementor-widget-container\">\n\t\t\t\t\t\t\t<div class=\"elementor-image-gallery\">\n\t\t\t<div id='gallery-1' class='gallery galleryid-4137 gallery-columns-3 gallery-size-viral-pro-650x500'><figure class='gallery-item'>\n\t\t\t<div class='gallery-icon landscape'>\n\t\t\t\t<a data-elementor-open-lightbox=\"yes\" data-elementor-lightbox-slideshow=\"7c054ed\" data-elementor-lightbox-title=\"INAUGURATION DU NOUVEAU SIEGE SODEXAM (1)\" data-e-action-hash=\"#elementor-action%3Aaction%3Dlightbox%26settings%3DeyJpZCI6NDEwMiwidXJsIjoiaHR0cHM6XC9cL3NvZGV4YW0uY29tXC93cC1jb250ZW50XC91cGxvYWRzXC8yMDI1XC8xMVwvSU5BVUdVUkFUSU9OLURVLU5PVVZFQVUtU0lFR0UtU09ERVhBTS0xLXNjYWxlZC5qcGciLCJzbGlkZXNob3ciOiI3YzA1NGVkIn0%3D\" href='https:\/\/sodexam.com\/wp-content\/uploads\/2025\/11\/INAUGURATION-DU-NOUVEAU-SIEGE-SODEXAM-1-scaled.jpg'><img fetchpriority=\"high\" decoding=\"async\" width=\"650\" height=\"500\" src=\"https:\/\/sodexam.com\/wp-content\/uploads\/2025\/11\/INAUGURATION-DU-NOUVEAU-SIEGE-SODEXAM-1-650x500.jpg\" class=\"attachment-viral-pro-650x500 size-viral-pro-650x500\" alt=\"\" aria-describedby=\"gallery-1-4102\" \/><\/a>\n\t\t\t<\/div>\n\t\t\t\t<figcaption class='wp-caption-text gallery-caption' id='gallery-1-4102'>\n\t\t\t\tVue g\u00e9n\u00e9rale de la c\u00e9r\u00e9monie\n\t\t\t\t<\/figcaption><\/figure><figure class='gallery-item'>\n\t\t\t<div class='gallery-icon landscape'>\n\t\t\t\t<a data-elementor-open-lightbox=\"yes\" data-elementor-lightbox-slideshow=\"7c054ed\" data-elementor-lightbox-title=\"INAUGURATION DU NOUVEAU SIEGE SODEXAM (2)\" data-e-action-hash=\"#elementor-action%3Aaction%3Dlightbox%26settings%3DeyJpZCI6NDEwMywidXJsIjoiaHR0cHM6XC9cL3NvZGV4YW0uY29tXC93cC1jb250ZW50XC91cGxvYWRzXC8yMDI1XC8xMVwvSU5BVUdVUkFUSU9OLURVLU5PVVZFQVUtU0lFR0UtU09ERVhBTS0yLXNjYWxlZC5qcGciLCJzbGlkZXNob3ciOiI3YzA1NGVkIn0%3D\" href='https:\/\/sodexam.com\/wp-content\/uploads\/2025\/11\/INAUGURATION-DU-NOUVEAU-SIEGE-SODEXAM-2-scaled.jpg'><img decoding=\"async\" width=\"650\" height=\"500\" src=\"https:\/\/sodexam.com\/wp-content\/uploads\/2025\/11\/INAUGURATION-DU-NOUVEAU-SIEGE-SODEXAM-2-650x500.jpg\" class=\"attachment-viral-pro-650x500 size-viral-pro-650x500\" alt=\"\" aria-describedby=\"gallery-1-4103\" \/><\/a>\n\t\t\t<\/div>\n\t\t\t\t<figcaption class='wp-caption-text gallery-caption' id='gallery-1-4103'>\n\t\t\t\tCoupure du ruban par le Ministre d\u2019\u00e9tat, Ministre de la d\u00e9fense, T\u00e9n\u00e9 Birahima Ouattara, Patron de la c\u00e9r\u00e9monie\n\t\t\t\t<\/figcaption><\/figure><figure class='gallery-item'>\n\t\t\t<div class='gallery-icon landscape'>\n\t\t\t\t<a data-elementor-open-lightbox=\"yes\" data-elementor-lightbox-slideshow=\"7c054ed\" data-elementor-lightbox-title=\"INAUGURATION DU NOUVEAU SIEGE SODEXAM (3)\" data-e-action-hash=\"#elementor-action%3Aaction%3Dlightbox%26settings%3DeyJpZCI6NDEwNCwidXJsIjoiaHR0cHM6XC9cL3NvZGV4YW0uY29tXC93cC1jb250ZW50XC91cGxvYWRzXC8yMDI1XC8xMVwvSU5BVUdVUkFUSU9OLURVLU5PVVZFQVUtU0lFR0UtU09ERVhBTS0zLXNjYWxlZC5qcGciLCJzbGlkZXNob3ciOiI3YzA1NGVkIn0%3D\" href='https:\/\/sodexam.com\/wp-content\/uploads\/2025\/11\/INAUGURATION-DU-NOUVEAU-SIEGE-SODEXAM-3-scaled.jpg'><img decoding=\"async\" width=\"650\" height=\"500\" src=\"https:\/\/sodexam.com\/wp-content\/uploads\/2025\/11\/INAUGURATION-DU-NOUVEAU-SIEGE-SODEXAM-3-650x500.jpg\" class=\"attachment-viral-pro-650x500 size-viral-pro-650x500\" alt=\"\" aria-describedby=\"gallery-1-4104\" \/><\/a>\n\t\t\t<\/div>\n\t\t\t\t<figcaption class='wp-caption-text gallery-caption' id='gallery-1-4104'>\n\t\t\t\tLes officiels d\u00e9couvrent la plaque inaugurale\n\t\t\t\t<\/figcaption><\/figure>\n\t\t<\/div>\n\t\t<\/div>\n\t\t\t\t\t\t<\/div>\n\t\t\t\t<\/div>\n\t\t\t\t\t<\/div>\n\t\t\t\t<\/div>\n\t\t\t\t<\/div>\n\t\t","protected":false},"excerpt":{"rendered":"<p>Le nouveau si\u00e8ge de la SODEXAM a \u00e9t\u00e9 inaugur\u00e9, le jeudi 9 octobre 2025, en pr\u00e9sence du Ministre d\u2019\u00c9tat, Ministre de la D\u00e9fense, Ti\u00e9n\u00e9 Birahima Ouattara, du Ministre des Transports, Amadou Kon\u00e9, du Ministre de la Communication, Amadou Coulibaly ainsi que des autorit\u00e9s de la plateforme a\u00e9roportuaire d\u2019Abidjan. Baptis\u00e9 \u00ab B\u00e2timent G\u00e9n\u00e9ral Abdoulaye Coulibaly \u00bb, [&hellip;]<\/p>\n","protected":false},"author":9,"featured_media":4101,"comment_status":"closed","ping_status":"closed","sticky":false,"template":"","format":"standard","meta":{"footnotes":""},"categories":[57,32,33],"tags":[],"class_list":["post-4137","post","type-post","status-publish","format-standard","has-post-thumbnail","hentry","category-a-la-une","category-activite-dg","category-actualite"],"_links":{"self":[{"href":"https:\/\/sodexam.com\/index.php?rest_route=\/wp\/v2\/posts\/4137","targetHints":{"allow":["GET"]}}],"collection":[{"href":"https:\/\/sodexam.com\/index.php?rest_route=\/wp\/v2\/posts"}],"about":[{"href":"https:\/\/sodexam.com\/index.php?rest_route=\/wp\/v2\/types\/post"}],"author":[{"embeddable":true,"href":"https:\/\/sodexam.com\/index.php?rest_route=\/wp\/v2\/users\/9"}],"replies":[{"embeddable":true,"href":"https:\/\/sodexam.com\/index.php?rest_route=%2Fwp%2Fv2%2Fcomments&post=4137"}],"version-history":[{"count":5,"href":"https:\/\/sodexam.com\/index.php?rest_route=\/wp\/v2\/posts\/4137\/revisions"}],"predecessor-version":[{"id":4142,"href":"https:\/\/sodexam.com\/index.php?rest_route=\/wp\/v2\/posts\/4137\/revisions\/4142"}],"wp:featuredmedia":[{"embeddable":true,"href":"https:\/\/sodexam.com\/index.php?rest_route=\/wp\/v2\/media\/4101"}],"wp:attachment":[{"href":"https:\/\/sodexam.com\/index.php?rest_route=%2Fwp%2Fv2%2Fmedia&parent=4137"}],"wp:term":[{"taxonomy":"category","embeddable":true,"href":"https:\/\/sodexam.com\/index.php?rest_route=%2Fwp%2Fv2%2Fcategories&post=4137"},{"taxonomy":"post_tag","embeddable":true,"href":"https:\/\/sodexam.com\/index.php?rest_route=%2Fwp%2Fv2%2Ftags&post=4137"}],"curies":[{"name":"wp","href":"https:\/\/api.w.org\/{rel}","templated":true}]}}