{"id":4835,"date":"2026-04-27T11:15:38","date_gmt":"2026-04-27T09:15:38","guid":{"rendered":"https:\/\/sodexam.com\/?p=4835"},"modified":"2026-04-27T11:18:36","modified_gmt":"2026-04-27T09:18:36","slug":"la-cote-divoire-dispose-desormais-de-son-tout-premier-radar-meteorologique","status":"publish","type":"post","link":"https:\/\/sodexam.com\/?p=4835","title":{"rendered":"La C\u00f4te d\u2019Ivoire dispose d\u00e9sormais de son tout premier radar m\u00e9t\u00e9orologique"},"content":{"rendered":"\t\t<div data-elementor-type=\"wp-post\" data-elementor-id=\"4835\" class=\"elementor elementor-4835\" data-elementor-post-type=\"post\">\n\t\t\t\t<div class=\"elementor-element elementor-element-da75742 e-flex e-con-boxed e-con e-parent\" data-id=\"da75742\" data-element_type=\"container\" data-e-type=\"container\">\n\t\t\t\t\t<div class=\"e-con-inner\">\n\t\t\t\t<div class=\"elementor-element elementor-element-075e993 elementor-widget elementor-widget-text-editor\" data-id=\"075e993\" data-element_type=\"widget\" data-e-type=\"widget\" data-widget_type=\"text-editor.default\">\n\t\t\t\t<div class=\"elementor-widget-container\">\n\t\t\t\t\t\t\t\t\t<p>La C\u00f4te d\u2019Ivoire dispose d\u00e9sormais de son tout premier radar m\u00e9t\u00e9orologique, inaugur\u00e9 ce mercredi 01 avril 2026 \u00e0 Abidjan dans le cadre du projet VIGICLIMM, financ\u00e9 par l\u2019Agence Fran\u00e7aise de D\u00e9veloppement (AFD). Cette r\u00e9alisation marque une avanc\u00e9e majeure dans la modernisation du dispositif national de pr\u00e9vision et de surveillance climatique.<\/p><p>Ce radar m\u00e9t\u00e9orologique bande C solid-state, d\u2019une port\u00e9e de 350 km, permet de d\u00e9tecter la pluie, les orages et le vent, et d\u2019estimer la vitesse de d\u00e9placement des pr\u00e9cipitations. Il contribuera \u00e0 renforcer la surveillance des ph\u00e9nom\u00e8nes dangereux tout en am\u00e9liorant la pr\u00e9cision des pr\u00e9visions.<\/p><p>La c\u00e9r\u00e9monie d\u2019inauguration s\u2019est tenue en pr\u00e9sence du Ministre des Transports et des Affaires Maritimes, M. Amadou Kon\u00e9, du Ministre D\u00e9l\u00e9gu\u00e9 en Charge de l\u2019Enseignement Technique, M. Jean-Louis MOULOT, du Directeur G\u00e9n\u00e9ral de l\u2019AFD, M. R\u00e9my Rioux, et du Directeur G\u00e9n\u00e9ral par int\u00e9rim de la SODEXAM, M. Abdul Sylla.<\/p>\t\t\t\t\t\t\t\t<\/div>\n\t\t\t\t<\/div>\n\t\t\t\t<div class=\"elementor-element elementor-element-016d990 elementor-widget elementor-widget-gallery\" data-id=\"016d990\" data-element_type=\"widget\" data-e-type=\"widget\" data-settings=\"{&quot;lazyload&quot;:&quot;yes&quot;,&quot;gallery_layout&quot;:&quot;grid&quot;,&quot;columns&quot;:4,&quot;columns_tablet&quot;:2,&quot;columns_mobile&quot;:1,&quot;gap&quot;:{&quot;unit&quot;:&quot;px&quot;,&quot;size&quot;:10,&quot;sizes&quot;:[]},&quot;gap_tablet&quot;:{&quot;unit&quot;:&quot;px&quot;,&quot;size&quot;:10,&quot;sizes&quot;:[]},&quot;gap_mobile&quot;:{&quot;unit&quot;:&quot;px&quot;,&quot;size&quot;:10,&quot;sizes&quot;:[]},&quot;link_to&quot;:&quot;file&quot;,&quot;aspect_ratio&quot;:&quot;3:2&quot;,&quot;overlay_background&quot;:&quot;yes&quot;,&quot;content_hover_animation&quot;:&quot;fade-in&quot;}\" data-widget_type=\"gallery.default\">\n\t\t\t\t<div class=\"elementor-widget-container\">\n\t\t\t\t\t\t\t<div class=\"elementor-gallery__container\">\n\t\t\t\t\t\t\t<a class=\"e-gallery-item elementor-gallery-item elementor-animated-content\" href=\"https:\/\/sodexam.com\/wp-content\/uploads\/2026\/04\/01-04-2026-Ceremonie-dinauguration-du-Rader-Meteo-13-scaled.jpg\" data-elementor-open-lightbox=\"yes\" data-elementor-lightbox-slideshow=\"016d990\" data-elementor-lightbox-title=\"&#039;inauguration du Rader M\u00e9t\u00e9o-13\" data-e-action-hash=\"#elementor-action%3Aaction%3Dlightbox%26settings%3DeyJpZCI6NDgzMywidXJsIjoiaHR0cHM6XC9cL3NvZGV4YW0uY29tXC93cC1jb250ZW50XC91cGxvYWRzXC8yMDI2XC8wNFwvMDEtMDQtMjAyNi1DZXJlbW9uaWUtZGluYXVndXJhdGlvbi1kdS1SYWRlci1NZXRlby0xMy1zY2FsZWQuanBnIiwic2xpZGVzaG93IjoiMDE2ZDk5MCJ9\">\n\t\t\t\t\t<div class=\"e-gallery-image elementor-gallery-item__image\" data-thumbnail=\"https:\/\/sodexam.com\/wp-content\/uploads\/2026\/04\/01-04-2026-Ceremonie-dinauguration-du-Rader-Meteo-13-300x200.jpg\" data-width=\"300\" data-height=\"200\" aria-label=\"\" role=\"img\" ><\/div>\n\t\t\t\t\t\t\t\t\t\t\t<div class=\"elementor-gallery-item__overlay\"><\/div>\n\t\t\t\t\t\t\t\t\t\t\t\t\t\t<\/a>\n\t\t\t\t\t\t\t<a class=\"e-gallery-item elementor-gallery-item elementor-animated-content\" href=\"https:\/\/sodexam.com\/wp-content\/uploads\/2026\/04\/01-04-2026-Ceremonie-dinauguration-du-Rader-Meteo-26-Copie-scaled.jpg\" data-elementor-open-lightbox=\"yes\" data-elementor-lightbox-slideshow=\"016d990\" data-elementor-lightbox-title=\"&#039;inauguration du Rader M\u00e9t\u00e9o-26 - Copie\" data-e-action-hash=\"#elementor-action%3Aaction%3Dlightbox%26settings%3DeyJpZCI6NDgzNCwidXJsIjoiaHR0cHM6XC9cL3NvZGV4YW0uY29tXC93cC1jb250ZW50XC91cGxvYWRzXC8yMDI2XC8wNFwvMDEtMDQtMjAyNi1DZXJlbW9uaWUtZGluYXVndXJhdGlvbi1kdS1SYWRlci1NZXRlby0yNi1Db3BpZS1zY2FsZWQuanBnIiwic2xpZGVzaG93IjoiMDE2ZDk5MCJ9\">\n\t\t\t\t\t<div class=\"e-gallery-image elementor-gallery-item__image\" data-thumbnail=\"https:\/\/sodexam.com\/wp-content\/uploads\/2026\/04\/01-04-2026-Ceremonie-dinauguration-du-Rader-Meteo-26-Copie-300x188.jpg\" data-width=\"300\" data-height=\"188\" aria-label=\"\" role=\"img\" ><\/div>\n\t\t\t\t\t\t\t\t\t\t\t<div class=\"elementor-gallery-item__overlay\"><\/div>\n\t\t\t\t\t\t\t\t\t\t\t\t\t\t<\/a>\n\t\t\t\t\t\t\t<a class=\"e-gallery-item elementor-gallery-item elementor-animated-content\" href=\"https:\/\/sodexam.com\/wp-content\/uploads\/2026\/04\/01-04-2026-Ceremonie-dinauguration-du-Rader-Meteo-29-1-scaled.jpg\" data-elementor-open-lightbox=\"yes\" data-elementor-lightbox-slideshow=\"016d990\" data-elementor-lightbox-title=\"&#039;inauguration du Rader M\u00e9t\u00e9o-29\" data-e-action-hash=\"#elementor-action%3Aaction%3Dlightbox%26settings%3DeyJpZCI6NDgzNiwidXJsIjoiaHR0cHM6XC9cL3NvZGV4YW0uY29tXC93cC1jb250ZW50XC91cGxvYWRzXC8yMDI2XC8wNFwvMDEtMDQtMjAyNi1DZXJlbW9uaWUtZGluYXVndXJhdGlvbi1kdS1SYWRlci1NZXRlby0yOS0xLXNjYWxlZC5qcGciLCJzbGlkZXNob3ciOiIwMTZkOTkwIn0%3D\">\n\t\t\t\t\t<div class=\"e-gallery-image elementor-gallery-item__image\" data-thumbnail=\"https:\/\/sodexam.com\/wp-content\/uploads\/2026\/04\/01-04-2026-Ceremonie-dinauguration-du-Rader-Meteo-29-1-262x300.jpg\" data-width=\"262\" data-height=\"300\" aria-label=\"\" role=\"img\" ><\/div>\n\t\t\t\t\t\t\t\t\t\t\t<div class=\"elementor-gallery-item__overlay\"><\/div>\n\t\t\t\t\t\t\t\t\t\t\t\t\t\t<\/a>\n\t\t\t\t\t\t\t<a class=\"e-gallery-item elementor-gallery-item elementor-animated-content\" href=\"https:\/\/sodexam.com\/wp-content\/uploads\/2026\/04\/01-04-2026-Ceremonie-dinauguration-du-Rader-Meteo-30-scaled.jpg\" data-elementor-open-lightbox=\"yes\" data-elementor-lightbox-slideshow=\"016d990\" data-elementor-lightbox-title=\"&#039;inauguration du Rader M\u00e9t\u00e9o-30\" data-e-action-hash=\"#elementor-action%3Aaction%3Dlightbox%26settings%3DeyJpZCI6NDgzNywidXJsIjoiaHR0cHM6XC9cL3NvZGV4YW0uY29tXC93cC1jb250ZW50XC91cGxvYWRzXC8yMDI2XC8wNFwvMDEtMDQtMjAyNi1DZXJlbW9uaWUtZGluYXVndXJhdGlvbi1kdS1SYWRlci1NZXRlby0zMC1zY2FsZWQuanBnIiwic2xpZGVzaG93IjoiMDE2ZDk5MCJ9\">\n\t\t\t\t\t<div class=\"e-gallery-image elementor-gallery-item__image\" data-thumbnail=\"https:\/\/sodexam.com\/wp-content\/uploads\/2026\/04\/01-04-2026-Ceremonie-dinauguration-du-Rader-Meteo-30-300x183.jpg\" data-width=\"300\" data-height=\"183\" aria-label=\"\" role=\"img\" ><\/div>\n\t\t\t\t\t\t\t\t\t\t\t<div class=\"elementor-gallery-item__overlay\"><\/div>\n\t\t\t\t\t\t\t\t\t\t\t\t\t\t<\/a>\n\t\t\t\t\t\t\t<a class=\"e-gallery-item elementor-gallery-item elementor-animated-content\" href=\"https:\/\/sodexam.com\/wp-content\/uploads\/2026\/04\/01-04-2026-Ceremonie-dinauguration-du-Rader-Meteo-46-scaled.jpg\" data-elementor-open-lightbox=\"yes\" data-elementor-lightbox-slideshow=\"016d990\" data-elementor-lightbox-title=\"&#039;inauguration du Rader M\u00e9t\u00e9o-46\" data-e-action-hash=\"#elementor-action%3Aaction%3Dlightbox%26settings%3DeyJpZCI6NDgzOCwidXJsIjoiaHR0cHM6XC9cL3NvZGV4YW0uY29tXC93cC1jb250ZW50XC91cGxvYWRzXC8yMDI2XC8wNFwvMDEtMDQtMjAyNi1DZXJlbW9uaWUtZGluYXVndXJhdGlvbi1kdS1SYWRlci1NZXRlby00Ni1zY2FsZWQuanBnIiwic2xpZGVzaG93IjoiMDE2ZDk5MCJ9\">\n\t\t\t\t\t<div class=\"e-gallery-image elementor-gallery-item__image\" data-thumbnail=\"https:\/\/sodexam.com\/wp-content\/uploads\/2026\/04\/01-04-2026-Ceremonie-dinauguration-du-Rader-Meteo-46-300x200.jpg\" data-width=\"300\" data-height=\"200\" aria-label=\"\" role=\"img\" ><\/div>\n\t\t\t\t\t\t\t\t\t\t\t<div class=\"elementor-gallery-item__overlay\"><\/div>\n\t\t\t\t\t\t\t\t\t\t\t\t\t\t<\/a>\n\t\t\t\t\t\t\t<a class=\"e-gallery-item elementor-gallery-item elementor-animated-content\" href=\"https:\/\/sodexam.com\/wp-content\/uploads\/2026\/04\/01-04-2026-Ceremonie-dinauguration-du-Rader-Meteo-47-scaled.jpg\" data-elementor-open-lightbox=\"yes\" data-elementor-lightbox-slideshow=\"016d990\" data-elementor-lightbox-title=\"&#039;inauguration du Rader M\u00e9t\u00e9o-47\" data-e-action-hash=\"#elementor-action%3Aaction%3Dlightbox%26settings%3DeyJpZCI6NDgzOSwidXJsIjoiaHR0cHM6XC9cL3NvZGV4YW0uY29tXC93cC1jb250ZW50XC91cGxvYWRzXC8yMDI2XC8wNFwvMDEtMDQtMjAyNi1DZXJlbW9uaWUtZGluYXVndXJhdGlvbi1kdS1SYWRlci1NZXRlby00Ny1zY2FsZWQuanBnIiwic2xpZGVzaG93IjoiMDE2ZDk5MCJ9\">\n\t\t\t\t\t<div class=\"e-gallery-image elementor-gallery-item__image\" data-thumbnail=\"https:\/\/sodexam.com\/wp-content\/uploads\/2026\/04\/01-04-2026-Ceremonie-dinauguration-du-Rader-Meteo-47-300x200.jpg\" data-width=\"300\" data-height=\"200\" aria-label=\"\" role=\"img\" ><\/div>\n\t\t\t\t\t\t\t\t\t\t\t<div class=\"elementor-gallery-item__overlay\"><\/div>\n\t\t\t\t\t\t\t\t\t\t\t\t\t\t<\/a>\n\t\t\t\t\t\t\t<a class=\"e-gallery-item elementor-gallery-item elementor-animated-content\" href=\"https:\/\/sodexam.com\/wp-content\/uploads\/2026\/04\/01-04-2026-Ceremonie-dinauguration-du-Rader-Meteo-52-scaled.jpg\" data-elementor-open-lightbox=\"yes\" data-elementor-lightbox-slideshow=\"016d990\" data-elementor-lightbox-title=\"&#039;inauguration du Rader M\u00e9t\u00e9o-52\" data-e-action-hash=\"#elementor-action%3Aaction%3Dlightbox%26settings%3DeyJpZCI6NDg0MCwidXJsIjoiaHR0cHM6XC9cL3NvZGV4YW0uY29tXC93cC1jb250ZW50XC91cGxvYWRzXC8yMDI2XC8wNFwvMDEtMDQtMjAyNi1DZXJlbW9uaWUtZGluYXVndXJhdGlvbi1kdS1SYWRlci1NZXRlby01Mi1zY2FsZWQuanBnIiwic2xpZGVzaG93IjoiMDE2ZDk5MCJ9\">\n\t\t\t\t\t<div class=\"e-gallery-image elementor-gallery-item__image\" data-thumbnail=\"https:\/\/sodexam.com\/wp-content\/uploads\/2026\/04\/01-04-2026-Ceremonie-dinauguration-du-Rader-Meteo-52-300x200.jpg\" data-width=\"300\" data-height=\"200\" aria-label=\"\" role=\"img\" ><\/div>\n\t\t\t\t\t\t\t\t\t\t\t<div class=\"elementor-gallery-item__overlay\"><\/div>\n\t\t\t\t\t\t\t\t\t\t\t\t\t\t<\/a>\n\t\t\t\t\t\t\t<a class=\"e-gallery-item elementor-gallery-item elementor-animated-content\" href=\"https:\/\/sodexam.com\/wp-content\/uploads\/2026\/04\/01-04-2026-Ceremonie-dinauguration-du-Rader-Meteo-65-1.jpg\" data-elementor-open-lightbox=\"yes\" data-elementor-lightbox-slideshow=\"016d990\" data-elementor-lightbox-title=\"&#039;inauguration du Rader M\u00e9t\u00e9o-65\" data-e-action-hash=\"#elementor-action%3Aaction%3Dlightbox%26settings%3DeyJpZCI6NDg0MSwidXJsIjoiaHR0cHM6XC9cL3NvZGV4YW0uY29tXC93cC1jb250ZW50XC91cGxvYWRzXC8yMDI2XC8wNFwvMDEtMDQtMjAyNi1DZXJlbW9uaWUtZGluYXVndXJhdGlvbi1kdS1SYWRlci1NZXRlby02NS0xLmpwZyIsInNsaWRlc2hvdyI6IjAxNmQ5OTAifQ%3D%3D\">\n\t\t\t\t\t<div class=\"e-gallery-image elementor-gallery-item__image\" data-thumbnail=\"https:\/\/sodexam.com\/wp-content\/uploads\/2026\/04\/01-04-2026-Ceremonie-dinauguration-du-Rader-Meteo-65-1.jpg\" data-width=\"1\" data-height=\"1\" aria-label=\"\" role=\"img\" ><\/div>\n\t\t\t\t\t\t\t\t\t\t\t<div class=\"elementor-gallery-item__overlay\"><\/div>\n\t\t\t\t\t\t\t\t\t\t\t\t\t\t<\/a>\n\t\t\t\t\t\t\t<a class=\"e-gallery-item elementor-gallery-item elementor-animated-content\" href=\"https:\/\/sodexam.com\/wp-content\/uploads\/2026\/04\/01-04-2026-Ceremonie-dinauguration-du-Rader-Meteo-72-scaled.jpg\" data-elementor-open-lightbox=\"yes\" data-elementor-lightbox-slideshow=\"016d990\" data-elementor-lightbox-title=\"&#039;inauguration du Rader M\u00e9t\u00e9o-72\" data-e-action-hash=\"#elementor-action%3Aaction%3Dlightbox%26settings%3DeyJpZCI6NDg0MywidXJsIjoiaHR0cHM6XC9cL3NvZGV4YW0uY29tXC93cC1jb250ZW50XC91cGxvYWRzXC8yMDI2XC8wNFwvMDEtMDQtMjAyNi1DZXJlbW9uaWUtZGluYXVndXJhdGlvbi1kdS1SYWRlci1NZXRlby03Mi1zY2FsZWQuanBnIiwic2xpZGVzaG93IjoiMDE2ZDk5MCJ9\">\n\t\t\t\t\t<div class=\"e-gallery-image elementor-gallery-item__image\" data-thumbnail=\"https:\/\/sodexam.com\/wp-content\/uploads\/2026\/04\/01-04-2026-Ceremonie-dinauguration-du-Rader-Meteo-72-300x200.jpg\" data-width=\"300\" data-height=\"200\" aria-label=\"\" role=\"img\" ><\/div>\n\t\t\t\t\t\t\t\t\t\t\t<div class=\"elementor-gallery-item__overlay\"><\/div>\n\t\t\t\t\t\t\t\t\t\t\t\t\t\t<\/a>\n\t\t\t\t\t\t\t<a class=\"e-gallery-item elementor-gallery-item elementor-animated-content\" href=\"https:\/\/sodexam.com\/wp-content\/uploads\/2026\/04\/01-04-2026-Ceremonie-dinauguration-du-Rader-Meteo-76-1.jpg\" data-elementor-open-lightbox=\"yes\" data-elementor-lightbox-slideshow=\"016d990\" data-elementor-lightbox-title=\"&#039;inauguration du Rader M\u00e9t\u00e9o-76\" data-e-action-hash=\"#elementor-action%3Aaction%3Dlightbox%26settings%3DeyJpZCI6NDg0NCwidXJsIjoiaHR0cHM6XC9cL3NvZGV4YW0uY29tXC93cC1jb250ZW50XC91cGxvYWRzXC8yMDI2XC8wNFwvMDEtMDQtMjAyNi1DZXJlbW9uaWUtZGluYXVndXJhdGlvbi1kdS1SYWRlci1NZXRlby03Ni0xLmpwZyIsInNsaWRlc2hvdyI6IjAxNmQ5OTAifQ%3D%3D\">\n\t\t\t\t\t<div class=\"e-gallery-image elementor-gallery-item__image\" data-thumbnail=\"https:\/\/sodexam.com\/wp-content\/uploads\/2026\/04\/01-04-2026-Ceremonie-dinauguration-du-Rader-Meteo-76-1.jpg\" data-width=\"1\" data-height=\"1\" aria-label=\"\" role=\"img\" ><\/div>\n\t\t\t\t\t\t\t\t\t\t\t<div class=\"elementor-gallery-item__overlay\"><\/div>\n\t\t\t\t\t\t\t\t\t\t\t\t\t\t<\/a>\n\t\t\t\t\t\t\t<a class=\"e-gallery-item elementor-gallery-item elementor-animated-content\" href=\"https:\/\/sodexam.com\/wp-content\/uploads\/2026\/04\/01-04-2026-Ceremonie-dinauguration-du-Rader-Meteo-82-1-scaled.jpg\" data-elementor-open-lightbox=\"yes\" data-elementor-lightbox-slideshow=\"016d990\" data-elementor-lightbox-title=\"&#039;inauguration du Rader M\u00e9t\u00e9o-82\" data-e-action-hash=\"#elementor-action%3Aaction%3Dlightbox%26settings%3DeyJpZCI6NDg0NiwidXJsIjoiaHR0cHM6XC9cL3NvZGV4YW0uY29tXC93cC1jb250ZW50XC91cGxvYWRzXC8yMDI2XC8wNFwvMDEtMDQtMjAyNi1DZXJlbW9uaWUtZGluYXVndXJhdGlvbi1kdS1SYWRlci1NZXRlby04Mi0xLXNjYWxlZC5qcGciLCJzbGlkZXNob3ciOiIwMTZkOTkwIn0%3D\">\n\t\t\t\t\t<div class=\"e-gallery-image elementor-gallery-item__image\" data-thumbnail=\"https:\/\/sodexam.com\/wp-content\/uploads\/2026\/04\/01-04-2026-Ceremonie-dinauguration-du-Rader-Meteo-82-1-300x200.jpg\" data-width=\"300\" data-height=\"200\" aria-label=\"\" role=\"img\" ><\/div>\n\t\t\t\t\t\t\t\t\t\t\t<div class=\"elementor-gallery-item__overlay\"><\/div>\n\t\t\t\t\t\t\t\t\t\t\t\t\t\t<\/a>\n\t\t\t\t\t\t\t<a class=\"e-gallery-item elementor-gallery-item elementor-animated-content\" href=\"https:\/\/sodexam.com\/wp-content\/uploads\/2026\/04\/01-04-2026-Ceremonie-dinauguration-du-Rader-Meteo-93-1-scaled.jpg\" data-elementor-open-lightbox=\"yes\" data-elementor-lightbox-slideshow=\"016d990\" data-elementor-lightbox-title=\"&#039;inauguration du Rader M\u00e9t\u00e9o-93\" data-e-action-hash=\"#elementor-action%3Aaction%3Dlightbox%26settings%3DeyJpZCI6NDg0NywidXJsIjoiaHR0cHM6XC9cL3NvZGV4YW0uY29tXC93cC1jb250ZW50XC91cGxvYWRzXC8yMDI2XC8wNFwvMDEtMDQtMjAyNi1DZXJlbW9uaWUtZGluYXVndXJhdGlvbi1kdS1SYWRlci1NZXRlby05My0xLXNjYWxlZC5qcGciLCJzbGlkZXNob3ciOiIwMTZkOTkwIn0%3D\">\n\t\t\t\t\t<div class=\"e-gallery-image elementor-gallery-item__image\" data-thumbnail=\"https:\/\/sodexam.com\/wp-content\/uploads\/2026\/04\/01-04-2026-Ceremonie-dinauguration-du-Rader-Meteo-93-1-200x300.jpg\" data-width=\"200\" data-height=\"300\" aria-label=\"\" role=\"img\" ><\/div>\n\t\t\t\t\t\t\t\t\t\t\t<div class=\"elementor-gallery-item__overlay\"><\/div>\n\t\t\t\t\t\t\t\t\t\t\t\t\t\t<\/a>\n\t\t\t\t\t\t\t<a class=\"e-gallery-item elementor-gallery-item elementor-animated-content\" href=\"https:\/\/sodexam.com\/wp-content\/uploads\/2026\/04\/01-04-2026-Ceremonie-dinauguration-du-Rader-Meteo-101-scaled.jpg\" data-elementor-open-lightbox=\"yes\" data-elementor-lightbox-slideshow=\"016d990\" data-elementor-lightbox-title=\"&#039;inauguration du Rader M\u00e9t\u00e9o-101\" data-e-action-hash=\"#elementor-action%3Aaction%3Dlightbox%26settings%3DeyJpZCI6NDg0OCwidXJsIjoiaHR0cHM6XC9cL3NvZGV4YW0uY29tXC93cC1jb250ZW50XC91cGxvYWRzXC8yMDI2XC8wNFwvMDEtMDQtMjAyNi1DZXJlbW9uaWUtZGluYXVndXJhdGlvbi1kdS1SYWRlci1NZXRlby0xMDEtc2NhbGVkLmpwZyIsInNsaWRlc2hvdyI6IjAxNmQ5OTAifQ%3D%3D\">\n\t\t\t\t\t<div class=\"e-gallery-image elementor-gallery-item__image\" data-thumbnail=\"https:\/\/sodexam.com\/wp-content\/uploads\/2026\/04\/01-04-2026-Ceremonie-dinauguration-du-Rader-Meteo-101-300x200.jpg\" data-width=\"300\" data-height=\"200\" aria-label=\"\" role=\"img\" ><\/div>\n\t\t\t\t\t\t\t\t\t\t\t<div class=\"elementor-gallery-item__overlay\"><\/div>\n\t\t\t\t\t\t\t\t\t\t\t\t\t\t<\/a>\n\t\t\t\t\t\t\t<a class=\"e-gallery-item elementor-gallery-item elementor-animated-content\" href=\"https:\/\/sodexam.com\/wp-content\/uploads\/2026\/04\/01-04-2026-Ceremonie-dinauguration-du-Rader-Meteo-103.jpg\" data-elementor-open-lightbox=\"yes\" data-elementor-lightbox-slideshow=\"016d990\" data-elementor-lightbox-title=\"&#039;inauguration du Rader M\u00e9t\u00e9o-103\" data-e-action-hash=\"#elementor-action%3Aaction%3Dlightbox%26settings%3DeyJpZCI6NDg0OSwidXJsIjoiaHR0cHM6XC9cL3NvZGV4YW0uY29tXC93cC1jb250ZW50XC91cGxvYWRzXC8yMDI2XC8wNFwvMDEtMDQtMjAyNi1DZXJlbW9uaWUtZGluYXVndXJhdGlvbi1kdS1SYWRlci1NZXRlby0xMDMuanBnIiwic2xpZGVzaG93IjoiMDE2ZDk5MCJ9\">\n\t\t\t\t\t<div class=\"e-gallery-image elementor-gallery-item__image\" data-thumbnail=\"https:\/\/sodexam.com\/wp-content\/uploads\/2026\/04\/01-04-2026-Ceremonie-dinauguration-du-Rader-Meteo-103.jpg\" data-width=\"1\" data-height=\"1\" aria-label=\"\" role=\"img\" ><\/div>\n\t\t\t\t\t\t\t\t\t\t\t<div class=\"elementor-gallery-item__overlay\"><\/div>\n\t\t\t\t\t\t\t\t\t\t\t\t\t\t<\/a>\n\t\t\t\t\t\t\t<a class=\"e-gallery-item elementor-gallery-item elementor-animated-content\" href=\"https:\/\/sodexam.com\/wp-content\/uploads\/2026\/04\/01-04-2026-Ceremonie-dinauguration-du-Rader-Meteo-106-1-scaled.jpg\" data-elementor-open-lightbox=\"yes\" data-elementor-lightbox-slideshow=\"016d990\" data-elementor-lightbox-title=\"&#039;inauguration du Rader M\u00e9t\u00e9o-106\" data-e-action-hash=\"#elementor-action%3Aaction%3Dlightbox%26settings%3DeyJpZCI6NDg1MSwidXJsIjoiaHR0cHM6XC9cL3NvZGV4YW0uY29tXC93cC1jb250ZW50XC91cGxvYWRzXC8yMDI2XC8wNFwvMDEtMDQtMjAyNi1DZXJlbW9uaWUtZGluYXVndXJhdGlvbi1kdS1SYWRlci1NZXRlby0xMDYtMS1zY2FsZWQuanBnIiwic2xpZGVzaG93IjoiMDE2ZDk5MCJ9\">\n\t\t\t\t\t<div class=\"e-gallery-image elementor-gallery-item__image\" data-thumbnail=\"https:\/\/sodexam.com\/wp-content\/uploads\/2026\/04\/01-04-2026-Ceremonie-dinauguration-du-Rader-Meteo-106-1-200x300.jpg\" data-width=\"200\" data-height=\"300\" aria-label=\"\" role=\"img\" ><\/div>\n\t\t\t\t\t\t\t\t\t\t\t<div class=\"elementor-gallery-item__overlay\"><\/div>\n\t\t\t\t\t\t\t\t\t\t\t\t\t\t<\/a>\n\t\t\t\t\t\t\t<a class=\"e-gallery-item elementor-gallery-item elementor-animated-content\" href=\"https:\/\/sodexam.com\/wp-content\/uploads\/2026\/04\/01-04-2026-Ceremonie-dinauguration-du-Rader-Meteo-113-1.jpg\" data-elementor-open-lightbox=\"yes\" data-elementor-lightbox-slideshow=\"016d990\" data-elementor-lightbox-title=\"&#039;inauguration du Rader M\u00e9t\u00e9o-113\" data-e-action-hash=\"#elementor-action%3Aaction%3Dlightbox%26settings%3DeyJpZCI6NDg1MiwidXJsIjoiaHR0cHM6XC9cL3NvZGV4YW0uY29tXC93cC1jb250ZW50XC91cGxvYWRzXC8yMDI2XC8wNFwvMDEtMDQtMjAyNi1DZXJlbW9uaWUtZGluYXVndXJhdGlvbi1kdS1SYWRlci1NZXRlby0xMTMtMS5qcGciLCJzbGlkZXNob3ciOiIwMTZkOTkwIn0%3D\">\n\t\t\t\t\t<div class=\"e-gallery-image elementor-gallery-item__image\" data-thumbnail=\"https:\/\/sodexam.com\/wp-content\/uploads\/2026\/04\/01-04-2026-Ceremonie-dinauguration-du-Rader-Meteo-113-1.jpg\" data-width=\"1\" data-height=\"1\" aria-label=\"\" role=\"img\" ><\/div>\n\t\t\t\t\t\t\t\t\t\t\t<div class=\"elementor-gallery-item__overlay\"><\/div>\n\t\t\t\t\t\t\t\t\t\t\t\t\t\t<\/a>\n\t\t\t\t\t<\/div>\n\t\t\t\t\t<\/div>\n\t\t\t\t<\/div>\n\t\t\t\t\t<\/div>\n\t\t\t\t<\/div>\n\t\t\t\t<\/div>\n\t\t","protected":false},"excerpt":{"rendered":"<p>La C\u00f4te d\u2019Ivoire dispose d\u00e9sormais de son tout premier radar m\u00e9t\u00e9orologique, inaugur\u00e9 ce mercredi 01 avril 2026 \u00e0 Abidjan dans le cadre du projet VIGICLIMM, financ\u00e9 par l\u2019Agence Fran\u00e7aise de D\u00e9veloppement (AFD). Cette r\u00e9alisation marque une avanc\u00e9e majeure dans la modernisation du dispositif national de pr\u00e9vision et de surveillance climatique. Ce radar m\u00e9t\u00e9orologique bande C [&hellip;]<\/p>\n","protected":false},"author":9,"featured_media":4851,"comment_status":"closed","ping_status":"open","sticky":false,"template":"","format":"standard","meta":{"footnotes":""},"categories":[57,32,33,54],"tags":[],"class_list":["post-4835","post","type-post","status-publish","format-standard","has-post-thumbnail","hentry","category-a-la-une","category-activite-dg","category-actualite","category-meteorologie"],"_links":{"self":[{"href":"https:\/\/sodexam.com\/index.php?rest_route=\/wp\/v2\/posts\/4835","targetHints":{"allow":["GET"]}}],"collection":[{"href":"https:\/\/sodexam.com\/index.php?rest_route=\/wp\/v2\/posts"}],"about":[{"href":"https:\/\/sodexam.com\/index.php?rest_route=\/wp\/v2\/types\/post"}],"author":[{"embeddable":true,"href":"https:\/\/sodexam.com\/index.php?rest_route=\/wp\/v2\/users\/9"}],"replies":[{"embeddable":true,"href":"https:\/\/sodexam.com\/index.php?rest_route=%2Fwp%2Fv2%2Fcomments&post=4835"}],"version-history":[{"count":7,"href":"https:\/\/sodexam.com\/index.php?rest_route=\/wp\/v2\/posts\/4835\/revisions"}],"predecessor-version":[{"id":4861,"href":"https:\/\/sodexam.com\/index.php?rest_route=\/wp\/v2\/posts\/4835\/revisions\/4861"}],"wp:featuredmedia":[{"embeddable":true,"href":"https:\/\/sodexam.com\/index.php?rest_route=\/wp\/v2\/media\/4851"}],"wp:attachment":[{"href":"https:\/\/sodexam.com\/index.php?rest_route=%2Fwp%2Fv2%2Fmedia&parent=4835"}],"wp:term":[{"taxonomy":"category","embeddable":true,"href":"https:\/\/sodexam.com\/index.php?rest_route=%2Fwp%2Fv2%2Fcategories&post=4835"},{"taxonomy":"post_tag","embeddable":true,"href":"https:\/\/sodexam.com\/index.php?rest_route=%2Fwp%2Fv2%2Ftags&post=4835"}],"curies":[{"name":"wp","href":"https:\/\/api.w.org\/{rel}","templated":true}]}}